{"id":1238,"date":"2025-11-26T14:32:39","date_gmt":"2025-11-26T13:32:39","guid":{"rendered":"https:\/\/www.autonomade.fr\/?p=1238"},"modified":"2026-01-18T16:10:03","modified_gmt":"2026-01-18T15:10:03","slug":"vanbox-au-salon-vanlife-expo-de-bordeaux","status":"publish","type":"post","link":"https:\/\/www.autonomade.fr\/index.php\/2025\/11\/26\/vanbox-au-salon-vanlife-expo-de-bordeaux\/","title":{"rendered":"Quand la vanlife rencontre l\u2019innovation \u2014 rencontre avec Vanbox au salon Vanlife Expo de Bordeaux"},"content":{"rendered":"\n<p>Il y a quelques semaines, au salon <a href=\"https:\/\/vanlife-expo.com\/bordeaux-2025\/\">Vanlife Expo<\/a> de Bordeaux, j\u2019ai fait une rencontre qui m\u2019a marqu\u00e9. Sur l\u2019un des stands, j\u2019ai d\u00e9couvert <a href=\"https:\/\/vanbox.io\">Vanbox<\/a> et son fondateur, Bruno. Un passionn\u00e9 comme on en croise peu : voyageur, curieux, entrepreneur, un bricoleur \u00e9clair\u00e9 qui transforme avec son \u00e9quipe des id\u00e9es concr\u00e8tes en solutions utiles.<\/p>\n\n\n\n<p>Je cherchais \u00e0 l\u2019origine une solution fiable pour contr\u00f4ler le niveau d\u2019eau dans un r\u00e9servoir de v\u00e9hicule de voyage \u2014 un probl\u00e8me bien connu des vanlifers. En quelques minutes de discussion, j\u2019ai compris que j\u2019avais devant moi bien plus qu\u2019un simple capteur : une vraie vision de l\u2019innovation au service de la libert\u00e9.<\/p>\n\n\n\n<figure class=\"wp-block-gallery has-nested-images columns-default is-cropped wp-block-gallery-1 is-layout-flex wp-block-gallery-is-layout-flex\">\n<figure class=\"wp-block-image size-large is-style-rounded\"><img fetchpriority=\"high\" decoding=\"async\" width=\"1024\" height=\"1024\" data-id=\"1246\" src=\"https:\/\/www.autonomade.fr\/wp-content\/uploads\/2025\/11\/6922243d27b26f2cd4ecdf24_kitdemarrage-min.webp\" alt=\"kit de d\u00e9marage vanbox\" class=\"wp-image-1246\" srcset=\"https:\/\/www.autonomade.fr\/wp-content\/uploads\/2025\/11\/6922243d27b26f2cd4ecdf24_kitdemarrage-min.webp 1024w, https:\/\/www.autonomade.fr\/wp-content\/uploads\/2025\/11\/6922243d27b26f2cd4ecdf24_kitdemarrage-min-300x300.webp 300w, https:\/\/www.autonomade.fr\/wp-content\/uploads\/2025\/11\/6922243d27b26f2cd4ecdf24_kitdemarrage-min-150x150.webp 150w, https:\/\/www.autonomade.fr\/wp-content\/uploads\/2025\/11\/6922243d27b26f2cd4ecdf24_kitdemarrage-min-768x768.webp 768w\" sizes=\"(max-width: 1024px) 100vw, 1024px\" \/><\/figure>\n\n\n\n<figure class=\"wp-block-image size-large is-style-rounded\"><img decoding=\"async\" width=\"1024\" height=\"1024\" data-id=\"1252\" src=\"https:\/\/www.autonomade.fr\/wp-content\/uploads\/2025\/11\/692223e57f513c5d86504da7_ecran-tour-de-controle-min.webp\" alt=\"\u00e9cran multifonctions tactile vanbox \" class=\"wp-image-1252\" srcset=\"https:\/\/www.autonomade.fr\/wp-content\/uploads\/2025\/11\/692223e57f513c5d86504da7_ecran-tour-de-controle-min.webp 1024w, https:\/\/www.autonomade.fr\/wp-content\/uploads\/2025\/11\/692223e57f513c5d86504da7_ecran-tour-de-controle-min-300x300.webp 300w, https:\/\/www.autonomade.fr\/wp-content\/uploads\/2025\/11\/692223e57f513c5d86504da7_ecran-tour-de-controle-min-150x150.webp 150w, https:\/\/www.autonomade.fr\/wp-content\/uploads\/2025\/11\/692223e57f513c5d86504da7_ecran-tour-de-controle-min-768x768.webp 768w\" sizes=\"(max-width: 1024px) 100vw, 1024px\" \/><\/figure>\n\n\n\n<figure class=\"wp-block-image size-large is-style-rounded\"><img decoding=\"async\" width=\"1024\" height=\"720\" data-id=\"1247\" src=\"https:\/\/www.autonomade.fr\/wp-content\/uploads\/2025\/11\/690320a029ef888a2a1ef86d_pack-demarrage-p-1080-1024x720.png\" alt=\"Kit completely vanbox\" class=\"wp-image-1247\"\/><\/figure>\n<\/figure>\n\n\n\n<h2 class=\"wp-block-heading\">VANBOX : solutions innovantes pour d\u00e9di\u00e9es aux voyageurs autonomes<\/h2>\n\n\n\n<p>Bruno m&rsquo;explique que Vanbox propose un tableau de bord intelligent et compact, dot\u00e9 d\u2019un \u00e9cran tactile, qui centralise toutes les informations vitales \u00e0 bord d&rsquo;un v\u00e9hicule de voyage:<\/p>\n\n\n\n<ul class=\"wp-block-list\">\n<li>niveaux d\u2019eau claire et grise<\/li>\n\n\n\n<li>niveaux de charge des batteries<\/li>\n\n\n\n<li>production solaire<\/li>\n\n\n\n<li>consommation \u00e9nerg\u00e9tique<\/li>\n\n\n\n<li>et m\u00eame le pilotage du chauffage.<\/li>\n<\/ul>\n\n\n\n<blockquote class=\"wp-block-quote is-style-plain has-large-font-size is-layout-flow wp-block-quote-is-layout-flow\">\n<p>Vous savez toujours ou vous en \u00eates, batterie, eau, temp\u00e9rature, gps, et m\u00eame si vous allez dormir \u00e0 plat ce soir<\/p>\n<cite>Bruno, CEO et fondateur Vanbox.io<\/cite><\/blockquote>\n\n\n\n<p>L\u2019approche est simple :&nbsp;<strong>installer rapidement<\/strong>, sans modifications au v\u00e9hicule ou presque, un syst\u00e8me plug-and-play qui surveille votre fid\u00e8le compagnon de voyage en temps r\u00e9el et vous alerte avant le moindre probl\u00e8me.<\/p>\n\n\n\n<p>\u00c9cran tactile, capteurs intelligents, interface fluide\u2026 Tout est pens\u00e9 pour que m\u00eame ceux qui n\u2019aiment pas la technique puissent en profiter.<\/p>\n\n\n\n<p>Mais ce qui m\u2019a bluff\u00e9, ce sont surtout&nbsp;<strong>les innovations techniques que l\u2019on ne voit nulle part ailleurs<\/strong>.<\/p>\n\n\n\n<h2 class=\"wp-block-heading\">Une mesure du niveau d\u2019eau r\u00e9ellement intelligente<\/h2>\n\n\n\n<p>Beaucoup de syst\u00e8mes de r\u00e9servoir donnent un indicateur approximatif, souvent bas\u00e9 sur trois ou quatre niveaux fixes.<br>Vanbox va beaucoup plus loin.<\/p>\n\n\n\n<h3 class=\"wp-block-heading\">\u2714&nbsp;Adaptation automatique \u00e0 la forme r\u00e9elle du r\u00e9servoir<\/h3>\n\n\n\n<p>Chaque r\u00e9servoir a une forme diff\u00e9rente : rectangulaire, trap\u00e9zo\u00efdal, irr\u00e9gulier, avec renfoncements\u2026<br>Vanbox permet de&nbsp;<strong>d\u00e9finir pr\u00e9cis\u00e9ment la g\u00e9om\u00e9trie du r\u00e9servoir<\/strong>, ce qui permet au syst\u00e8me de calculer&nbsp;<strong>au litre pr\u00e8s<\/strong>&nbsp;la quantit\u00e9 d\u2019eau restante.<\/p>\n\n\n\n<p>Cette pr\u00e9cision change tout :<\/p>\n\n\n\n<ul class=\"wp-block-list\">\n<li>on sait r\u00e9ellement combien de jours il reste avant de devoir refaire le plein,<\/li>\n\n\n\n<li>on peut optimiser sa consommation,<\/li>\n\n\n\n<li>on \u00e9vite les mauvaises surprises en pleine nature.<\/li>\n<\/ul>\n\n\n\n<p>Pour un voyageur, c\u2019est un \u00e9norme gain de s\u00e9r\u00e9nit\u00e9.<\/p>\n\n\n\n<h2 class=\"wp-block-heading\">Une innovation g\u00e9niale pour la nuit : l\u2019aide au calage automatique du v\u00e9hicule<\/h2>\n\n\n\n<p>Dormir \u00e0 plat dans un v\u00e9hicule, c\u2019est un confort indispensable \u2014 et pourtant un vrai casse-t\u00eate. On avance, on recule, on t\u00e2tonne, on teste l\u2019inclinom\u00e8tre\u2026 Au final, on passe souvent plus de temps que pr\u00e9vu \u00e0 essayer d\u2019\u00eatre droit.<\/p>\n\n\n\n<p>Vanbox propose une fonctionnalit\u00e9 \u00e9tonnante :<\/p>\n\n\n\n<h3 class=\"wp-block-heading\">\u2714 un&nbsp;<strong>syst\u00e8me d\u2019aide \u00e0 la mise \u00e0 niveau du v\u00e9hicule<\/strong><\/h3>\n\n\n\n<p>Gr\u00e2ce \u00e0 ses capteurs d\u2019inclinaison int\u00e9gr\u00e9s, Vanbox analyse la position du v\u00e9hicule et indique :<\/p>\n\n\n\n<ul class=\"wp-block-list\">\n<li>de combien de degr\u00e9s il est inclin\u00e9,<\/li>\n\n\n\n<li><strong>sous quelles roues placer des cales<\/strong>,<\/li>\n\n\n\n<li><strong>et surtout de quelle hauteur<\/strong>&nbsp;pour obtenir un v\u00e9hicule parfaitement \u00e0 plat.<\/li>\n<\/ul>\n\n\n\n<p>Fini les essais-erreurs.<br>En quelques secondes, on sait exactement quoi faire.<\/p>\n\n\n\n<p>C\u2019est le genre d\u2019innovation simple mais g\u00e9niale qui transforme une gal\u00e8re quotidienne en geste fluide.<\/p>\n\n\n\n<h2 class=\"wp-block-heading\">3. Un centre de contr\u00f4le complet pour la vie nomade<\/h2>\n\n\n\n<p>En plus de ces fonctions d\u00e9j\u00e0 disponible dans la version qui sortira fin de l&rsquo;ann\u00e9e 2025, Vanbox regroupera \u00e0 terme en un seul syst\u00e8me :<\/p>\n\n\n\n<ul class=\"wp-block-list\">\n<li>la surveillance des consommations \u00e9lectriques,<\/li>\n\n\n\n<li>l\u2019\u00e9tat de la batterie,<\/li>\n\n\n\n<li>la temp\u00e9rature int\u00e9rieure\/ext\u00e9rieure,<\/li>\n\n\n\n<li>les alertes en cas d\u2019anomalie,<\/li>\n\n\n\n<li>le pilotage via \u00e9cran tactile ou smartphone.<\/li>\n<\/ul>\n\n\n\n<p>Tout est centralis\u00e9, clair, compr\u00e9hensible \u2014 m\u00eame pour quelqu\u2019un qui n\u2019a jamais touch\u00e9 un multim\u00e8tre de sa vie.<\/p>\n\n\n\n<h2 class=\"wp-block-heading\">Un projet d\u2019ing\u00e9nieur mais surtout de voyageur<\/h2>\n\n\n\n<p>Ce qui rend Vanbox cr\u00e9dible, ce n\u2019est pas seulement la technologie. C\u2019est la philosophie derri\u00e8re le produit.<br>Bruno n\u2019a pas construit un syst\u00e8me pour \u201cfaire high-tech\u201d. Il a construit&nbsp;<strong>l\u2019outil qu\u2019il aurait voulu avoir en tant que voyageur<\/strong>.<\/p>\n\n\n\n<p>Une solution :<\/p>\n\n\n\n<ul class=\"wp-block-list\">\n<li>fiable,<\/li>\n\n\n\n<li>simple,<\/li>\n\n\n\n<li>amovible,<\/li>\n\n\n\n<li>pens\u00e9e pour durer,<\/li>\n\n\n\n<li>et utile chaque jour sur la route.<\/li>\n<\/ul>\n\n\n\n<p>Son enthousiasme, sa vision, et la ma\u00eetrise technique derri\u00e8re chaque d\u00e9tail m\u2019ont clairement fait comprendre que Vanbox deviendra un acteur important pour celles et ceux qui veulent voyager en autonomie.<\/p>\n\n\n\n<h2 class=\"wp-block-heading\">Conclusion \u2014 une rencontre inspirante et une innovation qui a du sens<\/h2>\n\n\n\n<p>Ce salon m\u2019a permis de d\u00e9couvrir bien plus qu\u2019un produit.<br>J\u2019ai rencontr\u00e9 un passionn\u00e9 qui apporte une vraie valeur \u00e0 la vanlife.<\/p>\n\n\n\n<p>Entre la&nbsp;<strong>gestion ultra-pr\u00e9cise des niveaux d\u2019eau<\/strong>, le&nbsp;<strong>calage intelligent du v\u00e9hicule pour la nuit<\/strong>, et l\u2019ambition d\u2019un syst\u00e8me complet, fiable et accessible, Vanbox coche toutes les cases du compagnon id\u00e9al du voyageur moderne.<\/p>\n\n\n\n<p>Si vous souhaitez voyager plus librement, plus longtemps, et avec moins de contraintes techniques, Vanbox m\u00e9rite clairement votre attention.<\/p>\n\n\n\n<p>Actuellement je suis entrain d&rsquo;\u00e9tablir un partenariat technique et commercial avec Vanbox pour proposer et installer ces produits dans la r\u00e9gion du Sud-Ouest.<\/p>\n\n\n\n<p>J&rsquo;ai h\u00e2te de vous montrer les premi\u00e8res installations!<\/p>\n","protected":false},"excerpt":{"rendered":"<p>Il y a quelques semaines, au salon Vanlife Expo de Bordeaux, j\u2019ai fait une rencontre qui m\u2019a marqu\u00e9. Sur l\u2019un des stands, j\u2019ai d\u00e9couvert Vanbox et son fondateur, Bruno. Un passionn\u00e9 comme on en croise peu : voyageur, curieux, entrepreneur, un bricoleur \u00e9clair\u00e9 qui transforme avec son \u00e9quipe des id\u00e9es concr\u00e8tes en solutions utiles. Je [&hellip;]<\/p>\n","protected":false},"author":1,"featured_media":1249,"comment_status":"open","ping_status":"open","sticky":false,"template":"","format":"standard","meta":{"footnotes":""},"categories":[6],"tags":[38,37,39],"class_list":["post-1238","post","type-post","status-publish","format-standard","has-post-thumbnail","hentry","category-blog","tag-innovation","tag-partenaire","tag-rencontre"],"yoast_head":"<!-- This site is optimized with the Yoast SEO plugin v26.7 - https:\/\/yoast.com\/wordpress\/plugins\/seo\/ -->\n<title>Vanbox au salon Vanlife Expo Bordeaux 2025 : D\u00e9couverte - Autonomade<\/title>\n<meta name=\"description\" content=\"D\u00e9couvrez Vanbox au salon Vanlife Expo Bordeaux 2025 et son tableau de bord intelligent pour v\u00e9hicules de voyage.\" \/>\n<meta name=\"robots\" content=\"index, follow, max-snippet:-1, max-image-preview:large, max-video-preview:-1\" \/>\n<link rel=\"canonical\" href=\"https:\/\/www.autonomade.fr\/index.php\/2025\/11\/26\/vanbox-au-salon-vanlife-expo-de-bordeaux\/\" \/>\n<meta property=\"og:locale\" content=\"fr_FR\" \/>\n<meta property=\"og:type\" content=\"article\" \/>\n<meta property=\"og:title\" content=\"Vanbox au salon Vanlife Expo Bordeaux 2025 : D\u00e9couverte - Autonomade\" \/>\n<meta property=\"og:description\" content=\"D\u00e9couvrez Vanbox au salon Vanlife Expo Bordeaux 2025 et son tableau de bord intelligent pour v\u00e9hicules de voyage.\" \/>\n<meta property=\"og:url\" content=\"https:\/\/www.autonomade.fr\/index.php\/2025\/11\/26\/vanbox-au-salon-vanlife-expo-de-bordeaux\/\" \/>\n<meta property=\"og:site_name\" content=\"Autonomade\" \/>\n<meta property=\"article:published_time\" content=\"2025-11-26T13:32:39+00:00\" \/>\n<meta property=\"article:modified_time\" content=\"2026-01-18T15:10:03+00:00\" \/>\n<meta property=\"og:image\" content=\"https:\/\/www.autonomade.fr\/wp-content\/uploads\/2025\/11\/vanbox-relax.png\" \/>\n\t<meta property=\"og:image:width\" content=\"1118\" \/>\n\t<meta property=\"og:image:height\" content=\"530\" \/>\n\t<meta property=\"og:image:type\" content=\"image\/png\" \/>\n<meta name=\"author\" content=\"eric\" \/>\n<meta name=\"twitter:card\" content=\"summary_large_image\" \/>\n<meta name=\"twitter:label1\" content=\"\u00c9crit par\" \/>\n\t<meta name=\"twitter:data1\" content=\"eric\" \/>\n\t<meta name=\"twitter:label2\" content=\"Dur\u00e9e de lecture estim\u00e9e\" \/>\n\t<meta name=\"twitter:data2\" content=\"5 minutes\" \/>\n<script type=\"application\/ld+json\" class=\"yoast-schema-graph\">{\"@context\":\"https:\/\/schema.org\",\"@graph\":[{\"@type\":\"Article\",\"@id\":\"https:\/\/www.autonomade.fr\/index.php\/2025\/11\/26\/vanbox-au-salon-vanlife-expo-de-bordeaux\/#article\",\"isPartOf\":{\"@id\":\"https:\/\/www.autonomade.fr\/index.php\/2025\/11\/26\/vanbox-au-salon-vanlife-expo-de-bordeaux\/\"},\"author\":{\"name\":\"eric\",\"@id\":\"https:\/\/www.autonomade.fr\/#\/schema\/person\/23abdf66d8c26cd4e9103e27bdd6146a\"},\"headline\":\"Quand la vanlife rencontre l\u2019innovation \u2014 rencontre avec Vanbox au salon Vanlife Expo de Bordeaux\",\"datePublished\":\"2025-11-26T13:32:39+00:00\",\"dateModified\":\"2026-01-18T15:10:03+00:00\",\"mainEntityOfPage\":{\"@id\":\"https:\/\/www.autonomade.fr\/index.php\/2025\/11\/26\/vanbox-au-salon-vanlife-expo-de-bordeaux\/\"},\"wordCount\":928,\"commentCount\":0,\"publisher\":{\"@id\":\"https:\/\/www.autonomade.fr\/#organization\"},\"image\":{\"@id\":\"https:\/\/www.autonomade.fr\/index.php\/2025\/11\/26\/vanbox-au-salon-vanlife-expo-de-bordeaux\/#primaryimage\"},\"thumbnailUrl\":\"https:\/\/www.autonomade.fr\/wp-content\/uploads\/2025\/11\/vanbox-relax.png\",\"keywords\":[\"innovation\",\"partenaire\",\"rencontre\"],\"articleSection\":[\"Blog\"],\"inLanguage\":\"fr-FR\",\"potentialAction\":[{\"@type\":\"CommentAction\",\"name\":\"Comment\",\"target\":[\"https:\/\/www.autonomade.fr\/index.php\/2025\/11\/26\/vanbox-au-salon-vanlife-expo-de-bordeaux\/#respond\"]}]},{\"@type\":\"WebPage\",\"@id\":\"https:\/\/www.autonomade.fr\/index.php\/2025\/11\/26\/vanbox-au-salon-vanlife-expo-de-bordeaux\/\",\"url\":\"https:\/\/www.autonomade.fr\/index.php\/2025\/11\/26\/vanbox-au-salon-vanlife-expo-de-bordeaux\/\",\"name\":\"Vanbox au salon Vanlife Expo Bordeaux 2025 : D\u00e9couverte - Autonomade\",\"isPartOf\":{\"@id\":\"https:\/\/www.autonomade.fr\/#website\"},\"primaryImageOfPage\":{\"@id\":\"https:\/\/www.autonomade.fr\/index.php\/2025\/11\/26\/vanbox-au-salon-vanlife-expo-de-bordeaux\/#primaryimage\"},\"image\":{\"@id\":\"https:\/\/www.autonomade.fr\/index.php\/2025\/11\/26\/vanbox-au-salon-vanlife-expo-de-bordeaux\/#primaryimage\"},\"thumbnailUrl\":\"https:\/\/www.autonomade.fr\/wp-content\/uploads\/2025\/11\/vanbox-relax.png\",\"datePublished\":\"2025-11-26T13:32:39+00:00\",\"dateModified\":\"2026-01-18T15:10:03+00:00\",\"description\":\"D\u00e9couvrez Vanbox au salon Vanlife Expo Bordeaux 2025 et son tableau de bord intelligent pour v\u00e9hicules de voyage.\",\"breadcrumb\":{\"@id\":\"https:\/\/www.autonomade.fr\/index.php\/2025\/11\/26\/vanbox-au-salon-vanlife-expo-de-bordeaux\/#breadcrumb\"},\"inLanguage\":\"fr-FR\",\"potentialAction\":[{\"@type\":\"ReadAction\",\"target\":[\"https:\/\/www.autonomade.fr\/index.php\/2025\/11\/26\/vanbox-au-salon-vanlife-expo-de-bordeaux\/\"]}]},{\"@type\":\"ImageObject\",\"inLanguage\":\"fr-FR\",\"@id\":\"https:\/\/www.autonomade.fr\/index.php\/2025\/11\/26\/vanbox-au-salon-vanlife-expo-de-bordeaux\/#primaryimage\",\"url\":\"https:\/\/www.autonomade.fr\/wp-content\/uploads\/2025\/11\/vanbox-relax.png\",\"contentUrl\":\"https:\/\/www.autonomade.fr\/wp-content\/uploads\/2025\/11\/vanbox-relax.png\",\"width\":1118,\"height\":530},{\"@type\":\"BreadcrumbList\",\"@id\":\"https:\/\/www.autonomade.fr\/index.php\/2025\/11\/26\/vanbox-au-salon-vanlife-expo-de-bordeaux\/#breadcrumb\",\"itemListElement\":[{\"@type\":\"ListItem\",\"position\":1,\"name\":\"Home\",\"item\":\"https:\/\/www.autonomade.fr\/\"},{\"@type\":\"ListItem\",\"position\":2,\"name\":\"Quand la vanlife rencontre l\u2019innovation \u2014 rencontre avec Vanbox au salon Vanlife Expo de Bordeaux\"}]},{\"@type\":\"WebSite\",\"@id\":\"https:\/\/www.autonomade.fr\/#website\",\"url\":\"https:\/\/www.autonomade.fr\/\",\"name\":\"Autonomade\",\"description\":\"\",\"publisher\":{\"@id\":\"https:\/\/www.autonomade.fr\/#organization\"},\"potentialAction\":[{\"@type\":\"SearchAction\",\"target\":{\"@type\":\"EntryPoint\",\"urlTemplate\":\"https:\/\/www.autonomade.fr\/?s={search_term_string}\"},\"query-input\":{\"@type\":\"PropertyValueSpecification\",\"valueRequired\":true,\"valueName\":\"search_term_string\"}}],\"inLanguage\":\"fr-FR\"},{\"@type\":\"Organization\",\"@id\":\"https:\/\/www.autonomade.fr\/#organization\",\"name\":\"Autonomade\",\"url\":\"https:\/\/www.autonomade.fr\/\",\"logo\":{\"@type\":\"ImageObject\",\"inLanguage\":\"fr-FR\",\"@id\":\"https:\/\/www.autonomade.fr\/#\/schema\/logo\/image\/\",\"url\":\"https:\/\/www.autonomade.fr\/wp-content\/uploads\/2025\/10\/logoAutoNomade.png\",\"contentUrl\":\"https:\/\/www.autonomade.fr\/wp-content\/uploads\/2025\/10\/logoAutoNomade.png\",\"width\":509,\"height\":112,\"caption\":\"Autonomade\"},\"image\":{\"@id\":\"https:\/\/www.autonomade.fr\/#\/schema\/logo\/image\/\"},\"sameAs\":[\"https:\/\/www.instagram.com\/autonomade.fr\/\"]},{\"@type\":\"Person\",\"@id\":\"https:\/\/www.autonomade.fr\/#\/schema\/person\/23abdf66d8c26cd4e9103e27bdd6146a\",\"name\":\"eric\",\"image\":{\"@type\":\"ImageObject\",\"inLanguage\":\"fr-FR\",\"@id\":\"https:\/\/www.autonomade.fr\/#\/schema\/person\/image\/\",\"url\":\"https:\/\/secure.gravatar.com\/avatar\/bf5337deefd0000d16d5d11420d3d727beb96e545b80f4003b14d512d2d9c57d?s=96&d=mm&r=g\",\"contentUrl\":\"https:\/\/secure.gravatar.com\/avatar\/bf5337deefd0000d16d5d11420d3d727beb96e545b80f4003b14d512d2d9c57d?s=96&d=mm&r=g\",\"caption\":\"eric\"},\"sameAs\":[\"http:\/\/vps-c83c33c3.vps.ovh.net\"],\"url\":\"https:\/\/www.autonomade.fr\/index.php\/author\/eric\/\"}]}<\/script>\n<!-- \/ Yoast SEO plugin. -->","yoast_head_json":{"title":"Vanbox au salon Vanlife Expo Bordeaux 2025 : D\u00e9couverte - Autonomade","description":"D\u00e9couvrez Vanbox au salon Vanlife Expo Bordeaux 2025 et son tableau de bord intelligent pour v\u00e9hicules de voyage.","robots":{"index":"index","follow":"follow","max-snippet":"max-snippet:-1","max-image-preview":"max-image-preview:large","max-video-preview":"max-video-preview:-1"},"canonical":"https:\/\/www.autonomade.fr\/index.php\/2025\/11\/26\/vanbox-au-salon-vanlife-expo-de-bordeaux\/","og_locale":"fr_FR","og_type":"article","og_title":"Vanbox au salon Vanlife Expo Bordeaux 2025 : D\u00e9couverte - Autonomade","og_description":"D\u00e9couvrez Vanbox au salon Vanlife Expo Bordeaux 2025 et son tableau de bord intelligent pour v\u00e9hicules de voyage.","og_url":"https:\/\/www.autonomade.fr\/index.php\/2025\/11\/26\/vanbox-au-salon-vanlife-expo-de-bordeaux\/","og_site_name":"Autonomade","article_published_time":"2025-11-26T13:32:39+00:00","article_modified_time":"2026-01-18T15:10:03+00:00","og_image":[{"width":1118,"height":530,"url":"https:\/\/www.autonomade.fr\/wp-content\/uploads\/2025\/11\/vanbox-relax.png","type":"image\/png"}],"author":"eric","twitter_card":"summary_large_image","twitter_misc":{"\u00c9crit par":"eric","Dur\u00e9e de lecture estim\u00e9e":"5 minutes"},"schema":{"@context":"https:\/\/schema.org","@graph":[{"@type":"Article","@id":"https:\/\/www.autonomade.fr\/index.php\/2025\/11\/26\/vanbox-au-salon-vanlife-expo-de-bordeaux\/#article","isPartOf":{"@id":"https:\/\/www.autonomade.fr\/index.php\/2025\/11\/26\/vanbox-au-salon-vanlife-expo-de-bordeaux\/"},"author":{"name":"eric","@id":"https:\/\/www.autonomade.fr\/#\/schema\/person\/23abdf66d8c26cd4e9103e27bdd6146a"},"headline":"Quand la vanlife rencontre l\u2019innovation \u2014 rencontre avec Vanbox au salon Vanlife Expo de Bordeaux","datePublished":"2025-11-26T13:32:39+00:00","dateModified":"2026-01-18T15:10:03+00:00","mainEntityOfPage":{"@id":"https:\/\/www.autonomade.fr\/index.php\/2025\/11\/26\/vanbox-au-salon-vanlife-expo-de-bordeaux\/"},"wordCount":928,"commentCount":0,"publisher":{"@id":"https:\/\/www.autonomade.fr\/#organization"},"image":{"@id":"https:\/\/www.autonomade.fr\/index.php\/2025\/11\/26\/vanbox-au-salon-vanlife-expo-de-bordeaux\/#primaryimage"},"thumbnailUrl":"https:\/\/www.autonomade.fr\/wp-content\/uploads\/2025\/11\/vanbox-relax.png","keywords":["innovation","partenaire","rencontre"],"articleSection":["Blog"],"inLanguage":"fr-FR","potentialAction":[{"@type":"CommentAction","name":"Comment","target":["https:\/\/www.autonomade.fr\/index.php\/2025\/11\/26\/vanbox-au-salon-vanlife-expo-de-bordeaux\/#respond"]}]},{"@type":"WebPage","@id":"https:\/\/www.autonomade.fr\/index.php\/2025\/11\/26\/vanbox-au-salon-vanlife-expo-de-bordeaux\/","url":"https:\/\/www.autonomade.fr\/index.php\/2025\/11\/26\/vanbox-au-salon-vanlife-expo-de-bordeaux\/","name":"Vanbox au salon Vanlife Expo Bordeaux 2025 : D\u00e9couverte - Autonomade","isPartOf":{"@id":"https:\/\/www.autonomade.fr\/#website"},"primaryImageOfPage":{"@id":"https:\/\/www.autonomade.fr\/index.php\/2025\/11\/26\/vanbox-au-salon-vanlife-expo-de-bordeaux\/#primaryimage"},"image":{"@id":"https:\/\/www.autonomade.fr\/index.php\/2025\/11\/26\/vanbox-au-salon-vanlife-expo-de-bordeaux\/#primaryimage"},"thumbnailUrl":"https:\/\/www.autonomade.fr\/wp-content\/uploads\/2025\/11\/vanbox-relax.png","datePublished":"2025-11-26T13:32:39+00:00","dateModified":"2026-01-18T15:10:03+00:00","description":"D\u00e9couvrez Vanbox au salon Vanlife Expo Bordeaux 2025 et son tableau de bord intelligent pour v\u00e9hicules de voyage.","breadcrumb":{"@id":"https:\/\/www.autonomade.fr\/index.php\/2025\/11\/26\/vanbox-au-salon-vanlife-expo-de-bordeaux\/#breadcrumb"},"inLanguage":"fr-FR","potentialAction":[{"@type":"ReadAction","target":["https:\/\/www.autonomade.fr\/index.php\/2025\/11\/26\/vanbox-au-salon-vanlife-expo-de-bordeaux\/"]}]},{"@type":"ImageObject","inLanguage":"fr-FR","@id":"https:\/\/www.autonomade.fr\/index.php\/2025\/11\/26\/vanbox-au-salon-vanlife-expo-de-bordeaux\/#primaryimage","url":"https:\/\/www.autonomade.fr\/wp-content\/uploads\/2025\/11\/vanbox-relax.png","contentUrl":"https:\/\/www.autonomade.fr\/wp-content\/uploads\/2025\/11\/vanbox-relax.png","width":1118,"height":530},{"@type":"BreadcrumbList","@id":"https:\/\/www.autonomade.fr\/index.php\/2025\/11\/26\/vanbox-au-salon-vanlife-expo-de-bordeaux\/#breadcrumb","itemListElement":[{"@type":"ListItem","position":1,"name":"Home","item":"https:\/\/www.autonomade.fr\/"},{"@type":"ListItem","position":2,"name":"Quand la vanlife rencontre l\u2019innovation \u2014 rencontre avec Vanbox au salon Vanlife Expo de Bordeaux"}]},{"@type":"WebSite","@id":"https:\/\/www.autonomade.fr\/#website","url":"https:\/\/www.autonomade.fr\/","name":"Autonomade","description":"","publisher":{"@id":"https:\/\/www.autonomade.fr\/#organization"},"potentialAction":[{"@type":"SearchAction","target":{"@type":"EntryPoint","urlTemplate":"https:\/\/www.autonomade.fr\/?s={search_term_string}"},"query-input":{"@type":"PropertyValueSpecification","valueRequired":true,"valueName":"search_term_string"}}],"inLanguage":"fr-FR"},{"@type":"Organization","@id":"https:\/\/www.autonomade.fr\/#organization","name":"Autonomade","url":"https:\/\/www.autonomade.fr\/","logo":{"@type":"ImageObject","inLanguage":"fr-FR","@id":"https:\/\/www.autonomade.fr\/#\/schema\/logo\/image\/","url":"https:\/\/www.autonomade.fr\/wp-content\/uploads\/2025\/10\/logoAutoNomade.png","contentUrl":"https:\/\/www.autonomade.fr\/wp-content\/uploads\/2025\/10\/logoAutoNomade.png","width":509,"height":112,"caption":"Autonomade"},"image":{"@id":"https:\/\/www.autonomade.fr\/#\/schema\/logo\/image\/"},"sameAs":["https:\/\/www.instagram.com\/autonomade.fr\/"]},{"@type":"Person","@id":"https:\/\/www.autonomade.fr\/#\/schema\/person\/23abdf66d8c26cd4e9103e27bdd6146a","name":"eric","image":{"@type":"ImageObject","inLanguage":"fr-FR","@id":"https:\/\/www.autonomade.fr\/#\/schema\/person\/image\/","url":"https:\/\/secure.gravatar.com\/avatar\/bf5337deefd0000d16d5d11420d3d727beb96e545b80f4003b14d512d2d9c57d?s=96&d=mm&r=g","contentUrl":"https:\/\/secure.gravatar.com\/avatar\/bf5337deefd0000d16d5d11420d3d727beb96e545b80f4003b14d512d2d9c57d?s=96&d=mm&r=g","caption":"eric"},"sameAs":["http:\/\/vps-c83c33c3.vps.ovh.net"],"url":"https:\/\/www.autonomade.fr\/index.php\/author\/eric\/"}]}},"_links":{"self":[{"href":"https:\/\/www.autonomade.fr\/index.php\/wp-json\/wp\/v2\/posts\/1238","targetHints":{"allow":["GET"]}}],"collection":[{"href":"https:\/\/www.autonomade.fr\/index.php\/wp-json\/wp\/v2\/posts"}],"about":[{"href":"https:\/\/www.autonomade.fr\/index.php\/wp-json\/wp\/v2\/types\/post"}],"author":[{"embeddable":true,"href":"https:\/\/www.autonomade.fr\/index.php\/wp-json\/wp\/v2\/users\/1"}],"replies":[{"embeddable":true,"href":"https:\/\/www.autonomade.fr\/index.php\/wp-json\/wp\/v2\/comments?post=1238"}],"version-history":[{"count":10,"href":"https:\/\/www.autonomade.fr\/index.php\/wp-json\/wp\/v2\/posts\/1238\/revisions"}],"predecessor-version":[{"id":1263,"href":"https:\/\/www.autonomade.fr\/index.php\/wp-json\/wp\/v2\/posts\/1238\/revisions\/1263"}],"wp:featuredmedia":[{"embeddable":true,"href":"https:\/\/www.autonomade.fr\/index.php\/wp-json\/wp\/v2\/media\/1249"}],"wp:attachment":[{"href":"https:\/\/www.autonomade.fr\/index.php\/wp-json\/wp\/v2\/media?parent=1238"}],"wp:term":[{"taxonomy":"category","embeddable":true,"href":"https:\/\/www.autonomade.fr\/index.php\/wp-json\/wp\/v2\/categories?post=1238"},{"taxonomy":"post_tag","embeddable":true,"href":"https:\/\/www.autonomade.fr\/index.php\/wp-json\/wp\/v2\/tags?post=1238"}],"curies":[{"name":"wp","href":"https:\/\/api.w.org\/{rel}","templated":true}]}}